{"id":5523,"date":"2024-03-12T17:04:46","date_gmt":"2024-03-12T16:04:46","guid":{"rendered":"http:\/\/cdtt91.fr\/?p=5523"},"modified":"2025-05-15T15:09:27","modified_gmt":"2025-05-15T13:09:27","slug":"psf-2024","status":"publish","type":"post","link":"https:\/\/cdtt91.fr\/index.php\/2024\/03\/12\/psf-2024\/","title":{"rendered":"PST 2025"},"content":{"rendered":"<div class=\"post-content\">\n<p><strong>PST 2025 &#8211; Projet Sportif Territorial<\/strong><\/p>\n\n\n\n<p>Date limite de d\u00e9p\u00f4t sur Le Compte Asso : 18\/5\/25<\/p>\n\n\n\n<p><strong>2 volets :<\/strong><\/p>\n\n\n\n<p>&#8211; un volet Emploi<br>&#8211; un volet Politiques Publiques<\/p>\n\n\n\n<p><strong>avec 5 th\u00e9matiques<\/strong><\/p>\n\n\n\n<figure class=\"wp-block-table\"><table class=\"has-fixed-layout\"><tbody><tr><td>Lutte contre les violences<\/td><\/tr><tr><td>D\u00e9veloppement du parasport<\/td><\/tr><tr><td>Pratique des femmes et des jeunes filles<\/td><\/tr><tr><td>Sport-Sant\u00e9<\/td><\/tr><tr><td>Territoires carenc\u00e9s<\/td><\/tr><\/tbody><\/table><\/figure>\n\n\n\n<p>Ne doit pas \u00eatre redondant avec le PSF FFTT<\/p>\n\n\n\n<div class=\"wp-block-columns is-layout-flex wp-container-core-columns-is-layout-9d6595d7 wp-block-columns-is-layout-flex\">\n<div class=\"wp-block-column is-layout-flow wp-block-column-is-layout-flow\">\n<div data-wp-interactive=\"core\/file\" class=\"wp-block-file\"><object data-wp-bind--hidden=\"!state.hasPdfPreview\" hidden class=\"wp-block-file__embed\" data=\"https:\/\/cdtt91.fr\/wp-content\/uploads\/2024\/03\/2025-PST-note-de-cadrage-regionale-signee-1.pdf\" type=\"application\/pdf\" style=\"width:100%;height:600px\" aria-label=\"Contenu embarqu\u00e9 2025 PST note de cadrage r\u00e9gionale sign\u00e9e.\"><\/object><a id=\"wp-block-file--media-7bcba516-3a1c-4ff4-9e0b-3626b14bb30c\" href=\"https:\/\/cdtt91.fr\/wp-content\/uploads\/2024\/03\/2025-PST-note-de-cadrage-regionale-signee-1.pdf\">2025 PST note de cadrage r\u00e9gionale sign\u00e9e<\/a><a href=\"https:\/\/cdtt91.fr\/wp-content\/uploads\/2024\/03\/2025-PST-note-de-cadrage-regionale-signee-1.pdf\" class=\"wp-block-file__button wp-element-button\" download aria-describedby=\"wp-block-file--media-7bcba516-3a1c-4ff4-9e0b-3626b14bb30c\">T\u00e9l\u00e9charger<\/a><\/div>\n<\/div>\n\n\n\n<div class=\"wp-block-column is-layout-flow wp-block-column-is-layout-flow\">\n<div data-wp-interactive=\"core\/file\" class=\"wp-block-file\"><object data-wp-bind--hidden=\"!state.hasPdfPreview\" hidden class=\"wp-block-file__embed\" data=\"https:\/\/cdtt91.fr\/wp-content\/uploads\/2024\/03\/Note-Nationale-PST-2025-vdef_0.pdf\" type=\"application\/pdf\" style=\"width:100%;height:600px\" aria-label=\"Contenu embarqu\u00e9 Note Nationale PST 2025 vdef_0.\"><\/object><a id=\"wp-block-file--media-6863de6b-de7a-4834-97d3-5b1f4a50c924\" href=\"https:\/\/cdtt91.fr\/wp-content\/uploads\/2024\/03\/Note-Nationale-PST-2025-vdef_0.pdf\">Note Nationale PST 2025 vdef_0<\/a><a href=\"https:\/\/cdtt91.fr\/wp-content\/uploads\/2024\/03\/Note-Nationale-PST-2025-vdef_0.pdf\" class=\"wp-block-file__button wp-element-button\" download aria-describedby=\"wp-block-file--media-6863de6b-de7a-4834-97d3-5b1f4a50c924\">T\u00e9l\u00e9charger<\/a><\/div>\n<\/div>\n<\/div>\n<\/div>","protected":false},"excerpt":{"rendered":"<p>PST 2025 &#8211; Projet Sportif Territorial Date limite de d\u00e9p\u00f4t<a href=\"https:\/\/cdtt91.fr\/index.php\/2024\/03\/12\/psf-2024\/\">Plus de d\u00e9tails<i class=\"fa fa-long-arrow-right\" aria-hidden=\"true\"><\/i><\/a><\/p>\n","protected":false},"author":4,"featured_media":8762,"comment_status":"closed","ping_status":"closed","sticky":false,"template":"","format":"standard","meta":{"footnotes":""},"categories":[1],"tags":[],"class_list":["post-5523","post","type-post","status-publish","format-standard","has-post-thumbnail","hentry","category-non-classe"],"_links":{"self":[{"href":"https:\/\/cdtt91.fr\/index.php\/wp-json\/wp\/v2\/posts\/5523","targetHints":{"allow":["GET"]}}],"collection":[{"href":"https:\/\/cdtt91.fr\/index.php\/wp-json\/wp\/v2\/posts"}],"about":[{"href":"https:\/\/cdtt91.fr\/index.php\/wp-json\/wp\/v2\/types\/post"}],"author":[{"embeddable":true,"href":"https:\/\/cdtt91.fr\/index.php\/wp-json\/wp\/v2\/users\/4"}],"replies":[{"embeddable":true,"href":"https:\/\/cdtt91.fr\/index.php\/wp-json\/wp\/v2\/comments?post=5523"}],"version-history":[{"count":7,"href":"https:\/\/cdtt91.fr\/index.php\/wp-json\/wp\/v2\/posts\/5523\/revisions"}],"predecessor-version":[{"id":8864,"href":"https:\/\/cdtt91.fr\/index.php\/wp-json\/wp\/v2\/posts\/5523\/revisions\/8864"}],"wp:featuredmedia":[{"embeddable":true,"href":"https:\/\/cdtt91.fr\/index.php\/wp-json\/wp\/v2\/media\/8762"}],"wp:attachment":[{"href":"https:\/\/cdtt91.fr\/index.php\/wp-json\/wp\/v2\/media?parent=5523"}],"wp:term":[{"taxonomy":"category","embeddable":true,"href":"https:\/\/cdtt91.fr\/index.php\/wp-json\/wp\/v2\/categories?post=5523"},{"taxonomy":"post_tag","embeddable":true,"href":"https:\/\/cdtt91.fr\/index.php\/wp-json\/wp\/v2\/tags?post=5523"}],"curies":[{"name":"wp","href":"https:\/\/api.w.org\/{rel}","templated":true}]}}